{"id":1,"date":"2025-11-30T00:05:37","date_gmt":"2025-11-29T21:05:37","guid":{"rendered":"https:\/\/www.kestelsevdalilari.com\/?p=1"},"modified":"2025-12-01T02:02:01","modified_gmt":"2025-11-30T23:02:01","slug":"merhaba-dunya","status":"publish","type":"post","link":"https:\/\/www.kestelsevdalilari.com\/?p=1","title":{"rendered":"Kestel Sevdal\u0131lar\u0131 Radyo Yay\u0131nda"},"content":{"rendered":"\r\n<p><strong>Hasret Bitti, Kestel\u2019in Yeni Sesi Yay\u0131nda: &#8220;Kestel Sevdal\u0131lar\u0131 Radyo&#8221; Merhaba Dedi!\u00a0<\/strong><\/p>\r\n<p>&nbsp;<\/p>\r\n<p data-path-to-node=\"7\">Merhaba Kestel, Merhaba Bursa!<\/p>\r\n<p data-path-to-node=\"8\">Uzun zamand\u0131r hayalini kurdu\u011fumuz, il\u00e7emizin sesini d\u00fcnyaya duyuracak olan projemiz <b>Kestel Sevdal\u0131lar\u0131 Radyo<\/b> resmen yay\u0131n hayat\u0131na ba\u015flad\u0131. Art\u0131k Kestel\u2019in sadece sokaklar\u0131nda de\u011fil, dijital d\u00fcnyada da bir bulu\u015fma noktas\u0131 var.<\/p>\r\n<p data-path-to-node=\"9\"><b>Neden Kestel Sevdal\u0131lar\u0131?<\/b> \u00c7\u00fcnk\u00fc biz bu topraklara, bu havaya ve bu insanlara sevdal\u0131y\u0131z. Amac\u0131m\u0131z sadece arka arkaya \u015fark\u0131 \u00e7alan bir &#8220;m\u00fczik kutusu&#8221; olmak de\u011fil; Kestel\u2019in k\u00fclt\u00fcr\u00fcn\u00fc, haberlerini, h\u00fczn\u00fcn\u00fc ve ne\u015fesini notalarla birle\u015ftirmek.<\/p>\r\n<p data-path-to-node=\"10\"><b>Yay\u0131nda Neler Var?<\/b> G\u00fcn\u00fcn her saatine, ruh halinize uygun en kaliteli i\u00e7erikleri sizler i\u00e7in haz\u0131rlad\u0131k:<\/p>\r\n<ul data-path-to-node=\"11\">\r\n<li>\r\n<p data-path-to-node=\"11,0,0\">\u2615 <b>Sabahlar\u0131:<\/b> G\u00fcne enerjik ba\u015flaman\u0131z i\u00e7in en hareketli par\u00e7alar.<\/p>\r\n<\/li>\r\n<li>\r\n<p data-path-to-node=\"11,1,0\">\ud83c\udf07 <b>\u00d6\u011fle Saatleri:<\/b> \u0130\u015f yerinde, evde size e\u015flik edecek keyifli pop \u015fark\u0131lar.<\/p>\r\n<\/li>\r\n<li>\r\n<p data-path-to-node=\"11,2,0\">\ud83c\udf19 <b>Ak\u015fam ve Gece:<\/b> G\u00f6n\u00fcl telinize dokunacak, sizi maziye g\u00f6t\u00fcrecek en \u00f6zel slow ve nostaljik eserler.<\/p>\r\n<\/li>\r\n<\/ul>\r\n<p data-path-to-node=\"12\">Art\u0131k yaln\u0131z de\u011filsiniz. Telefonunuzda, bilgisayar\u0131n\u0131zda veya tabletinizde; &#8220;Play&#8221; tu\u015funa bast\u0131\u011f\u0131n\u0131z an Kestel\u2019in s\u0131cakl\u0131\u011f\u0131n\u0131 hissedeceksiniz.<\/p>\r\n<p data-path-to-node=\"13\">Bu heyecana ortak oldu\u011funuz i\u00e7in te\u015fekk\u00fcr ederiz. Sesimizi a\u00e7\u0131n, Kestel&#8217;in ritmine kulak verin!<\/p>\r\n<p data-path-to-node=\"14\"><b>Kestel Sevdal\u0131lar\u0131 Radyo Y\u00f6netimi\u00a0<\/b><\/p>\r\n<p data-path-to-node=\"14\">\u00a0<\/p>\r\n<p data-path-to-node=\"14\">\u00a0<\/p>\r\n<p data-path-to-node=\"14\"><img fetchpriority=\"high\" decoding=\"async\" class=\"alignnone size-medium wp-image-6284\" src=\"https:\/\/www.kestelsevdalilari.com\/wp-content\/uploads\/2020\/06\/PRORADIO-DEMO-LOGO-2021-31212000-770x284.png\" alt=\"\" width=\"770\" height=\"284\" srcset=\"https:\/\/www.kestelsevdalilari.com\/wp-content\/uploads\/2020\/06\/PRORADIO-DEMO-LOGO-2021-31212000-770x284.png 770w, https:\/\/www.kestelsevdalilari.com\/wp-content\/uploads\/2020\/06\/PRORADIO-DEMO-LOGO-2021-31212000-768x284.png 768w, https:\/\/www.kestelsevdalilari.com\/wp-content\/uploads\/2020\/06\/PRORADIO-DEMO-LOGO-2021-31212000.png 983w\" sizes=\"(max-width: 770px) 100vw, 770px\" \/><\/p>\r\n","protected":false},"excerpt":{"rendered":"<p>Hasret Bitti, Kestel\u2019in Yeni Sesi Yay\u0131nda: &#8220;Kestel Sevdal\u0131lar\u0131 Radyo&#8221; Merhaba Dedi!\u00a0 &nbsp; Merhaba Kestel, Merhaba Bursa! Uzun zamand\u0131r hayalini kurdu\u011fumuz, il\u00e7emizin sesini d\u00fcnyaya duyuracak olan projemiz Kestel Sevdal\u0131lar\u0131 Radyo resmen yay\u0131n hayat\u0131na ba\u015flad\u0131. Art\u0131k Kestel\u2019in sadece sokaklar\u0131nda de\u011fil, dijital d\u00fcnyada da bir bulu\u015fma noktas\u0131 var. Neden Kestel Sevdal\u0131lar\u0131? \u00c7\u00fcnk\u00fc biz ...<\/p>\n","protected":false},"author":1,"featured_media":6291,"comment_status":"open","ping_status":"open","sticky":false,"template":"","format":"standard","meta":{"footnotes":""},"categories":[1],"tags":[],"class_list":["post-1","post","type-post","status-publish","format-standard","has-post-thumbnail","hentry","category-genel"],"_links":{"self":[{"href":"https:\/\/www.kestelsevdalilari.com\/index.php?rest_route=\/wp\/v2\/posts\/1","targetHints":{"allow":["GET"]}}],"collection":[{"href":"https:\/\/www.kestelsevdalilari.com\/index.php?rest_route=\/wp\/v2\/posts"}],"about":[{"href":"https:\/\/www.kestelsevdalilari.com\/index.php?rest_route=\/wp\/v2\/types\/post"}],"author":[{"embeddable":true,"href":"https:\/\/www.kestelsevdalilari.com\/index.php?rest_route=\/wp\/v2\/users\/1"}],"replies":[{"embeddable":true,"href":"https:\/\/www.kestelsevdalilari.com\/index.php?rest_route=%2Fwp%2Fv2%2Fcomments&post=1"}],"version-history":[{"count":2,"href":"https:\/\/www.kestelsevdalilari.com\/index.php?rest_route=\/wp\/v2\/posts\/1\/revisions"}],"predecessor-version":[{"id":6290,"href":"https:\/\/www.kestelsevdalilari.com\/index.php?rest_route=\/wp\/v2\/posts\/1\/revisions\/6290"}],"wp:featuredmedia":[{"embeddable":true,"href":"https:\/\/www.kestelsevdalilari.com\/index.php?rest_route=\/wp\/v2\/media\/6291"}],"wp:attachment":[{"href":"https:\/\/www.kestelsevdalilari.com\/index.php?rest_route=%2Fwp%2Fv2%2Fmedia&parent=1"}],"wp:term":[{"taxonomy":"category","embeddable":true,"href":"https:\/\/www.kestelsevdalilari.com\/index.php?rest_route=%2Fwp%2Fv2%2Fcategories&post=1"},{"taxonomy":"post_tag","embeddable":true,"href":"https:\/\/www.kestelsevdalilari.com\/index.php?rest_route=%2Fwp%2Fv2%2Ftags&post=1"}],"curies":[{"name":"wp","href":"https:\/\/api.w.org\/{rel}","templated":true}]}}